{"id":1125,"global_id":"bullas.es\/turismo?id=1125","global_id_lineage":["bullas.es\/turismo?id=1125"],"author":"9","status":"publish","date":"2017-06-30 12:07:02","date_utc":"2017-06-30 12:07:02","modified":"2017-06-30 12:07:02","modified_utc":"2017-06-30 12:07:02","url":"https:\/\/bullas.es\/turismo\/evento\/festival-ritmos-carnabulia\/","rest_url":"https:\/\/bullas.es\/turismo\/wp-json\/tribe\/events\/v1\/events\/1125","title":"Festival de Ritmos &#8220;Carnabulia&#8221;","description":"<p>El festival de ritmos &#8220;Carnabulia&#8221; es un punto de reuni\u00f3n de batucadas, blocos y escolas, de personas interesadas percusi\u00f3n brasile\u00f1a a nivel nacional e internacional. Lleva realiz\u00e1ndose desde el 2011, y cada\u00a0 vez tienes m\u00e1s participantes. Es en \u00fanico encuentro que se realiza en toda la Regi\u00f3n de Murcia, llev\u00e1ndose a cabo en Bullas, Murcia.<\/p>\n<p>Este a\u00f1o se celebra la sexta edici\u00f3n del festival. Cada a\u00f1o tiene m\u00e1s afluencia, viniendo gente de diferentes puntos de Espa\u00f1a y de Europa.<\/p>\n<p>Este 2017 se llevar\u00e1 a cabo del <strong>7 al 9 de Julio<\/strong>, en Bullas (Murcia).<\/p>\n<p>En este festival pueden participar gente de todas las edades, hemos tenido desde ni\u00f1os de 5 a\u00f1os hasta personas ya adultas,\u00a0muchos de ellos vienen con la familia a disfrutar del fin de semana. Adem\u00e1s puede participar gente que nunca ha tocado, a las que ya tienen contacto con este mundo.<\/p>\n<p>Este encuentro es organizado por la Asociaci\u00f3n Timbastri Percusi\u00f3n de Ceheg\u00edn (Murcia), asociaci\u00f3n cultural sin \u00e1nimo de lucro, en colaboraci\u00f3n de la Asociaci\u00f3n Cultural y Deportiva Aquabul y el Ayuntamiento de Bullas.<\/p>\n<p>El objetivo de este festival es tener un punto de encuentro donde poder acercar a todos sus participantes a la m\u00fasica de la cultura brasile\u00f1a, de una forma l\u00fadica e interesante. Es un fin de semana de convivencia donde poder aprender y compartir experiencias.<\/p>\n<p>Este festival consta de diferentes actividades:<\/p>\n<ul>\n<li>Talleres con mestres reconocidos de Brasil. Donde todos los participantes podr\u00e1n tocar y aprender ritmos brasile\u00f1os. Este a\u00f1o contamos con Cesar Veloso mestre de Mal\u00ea Debal\u00ea, uno de los blocos afro m\u00e1s grandes de Salvador de Bahia. Tambi\u00e9n contaremos con Cr\u00e1 Rosa, componente de Timbalada, proyecto de Carlinhos Brown. Ofrecemos varios talleres repartidos a lo largo del d\u00eda y el fin de semana.<\/li>\n<li>Conciertos viernes noche y s\u00e1bado noche. Despu\u00e9s de la cena realizamos varios espect\u00e1culos en el escenario de la Almazara con variedad de m\u00fasica, tanto con grupos de m\u00fasica brasile\u00f1a como con grupos de la zona. Realizando una mezcla de culturas.<\/li>\n<li>Momentos de convivencia y ocio. Hemos creado un espacio de picnic en el paraje natural de La Rafa, donde poder comer todos juntos y compartir experiencias y opiniones. Adem\u00e1s de los momentos l\u00fadicos en la piscina.<\/li>\n<li>Exhibici\u00f3n. Esta actividad consta de poner en pr\u00e1ctica todo lo aprendido a lo largo de los talleres del fin de semana. Es la actividad de cierre del festival.<\/li>\n<\/ul>\n<p>M\u00e1s info en:\u00a0<a href=\"http:\/\/carnabuliafestivalderitmos.blogspot.com.es\/\">http:\/\/carnabuliafestivalderitmos.blogspot.com.es\/<\/a><\/p>\n<p>Inscripci\u00f3n <a href=\"http:\/\/carnabuliafestivalderitmos.blogspot.com.es\/p\/inscripcion.html\">aqu\u00ed<\/a><\/p>\n<p><img loading=\"lazy\" class=\"alignleft size-medium wp-image-1126\" src=\"http:\/\/bullas.es\/turismo\/wp-content\/uploads\/sites\/2\/2017\/06\/flayer-212x300.jpg\" alt=\"\" width=\"212\" height=\"300\" \/> <img loading=\"lazy\" class=\"alignleft size-medium wp-image-1127\" src=\"http:\/\/bullas.es\/turismo\/wp-content\/uploads\/sites\/2\/2017\/06\/programacio\u0301n-212x300.jpg\" alt=\"\" width=\"212\" height=\"300\" \/><\/p>","excerpt":"","slug":"festival-ritmos-carnabulia","image":{"url":"https:\/\/bullas.es\/turismo\/wp-content\/uploads\/sites\/2\/2017\/06\/programacio\u0301n.jpg","id":1127,"extension":"jpg","width":2339,"height":3307,"sizes":{"thumbnail":{"width":150,"height":150,"mime-type":"image\/jpeg","url":"https:\/\/bullas.es\/turismo\/wp-content\/uploads\/sites\/2\/2017\/06\/programacio\u0301n-150x150.jpg"},"medium":{"width":212,"height":300,"mime-type":"image\/jpeg","url":"https:\/\/bullas.es\/turismo\/wp-content\/uploads\/sites\/2\/2017\/06\/programacio\u0301n-212x300.jpg"},"medium_large":{"width":768,"height":1086,"mime-type":"image\/jpeg","url":"https:\/\/bullas.es\/turismo\/wp-content\/uploads\/sites\/2\/2017\/06\/programacio\u0301n-768x1086.jpg"},"large":{"width":724,"height":1024,"mime-type":"image\/jpeg","url":"https:\/\/bullas.es\/turismo\/wp-content\/uploads\/sites\/2\/2017\/06\/programacio\u0301n-724x1024.jpg"},"post-thumbnail":{"width":100,"height":141,"mime-type":"image\/jpeg","url":"https:\/\/bullas.es\/turismo\/wp-content\/uploads\/sites\/2\/2017\/06\/programacio\u0301n-100x141.jpg"},"entry":{"width":862,"height":1219,"mime-type":"image\/jpeg","url":"https:\/\/bullas.es\/turismo\/wp-content\/uploads\/sites\/2\/2017\/06\/programacio\u0301n-862x1219.jpg"},"entry-cropped":{"width":862,"height":482,"mime-type":"image\/jpeg","url":"https:\/\/bullas.es\/turismo\/wp-content\/uploads\/sites\/2\/2017\/06\/programacio\u0301n-862x482.jpg"},"entry-fullwidth":{"width":1200,"height":1697,"mime-type":"image\/jpeg","url":"https:\/\/bullas.es\/turismo\/wp-content\/uploads\/sites\/2\/2017\/06\/programacio\u0301n-1200x1697.jpg"},"entry-cropped-fullwidth":{"width":1200,"height":671,"mime-type":"image\/jpeg","url":"https:\/\/bullas.es\/turismo\/wp-content\/uploads\/sites\/2\/2017\/06\/programacio\u0301n-1200x671.jpg"}}},"all_day":true,"start_date":"2017-07-07 00:00:00","start_date_details":{"year":"2017","month":"07","day":"07","hour":"00","minutes":"00","seconds":"00"},"end_date":"2017-07-09 23:59:59","end_date_details":{"year":"2017","month":"07","day":"09","hour":"23","minutes":"59","seconds":"59"},"utc_start_date":"2017-07-07 00:00:00","utc_start_date_details":{"year":"2017","month":"07","day":"07","hour":"00","minutes":"00","seconds":"00"},"utc_end_date":"2017-07-09 23:59:59","utc_end_date_details":{"year":"2017","month":"07","day":"09","hour":"23","minutes":"59","seconds":"59"},"timezone":"UTC+0","timezone_abbr":"","cost":"","cost_details":{"currency_symbol":"","currency_position":"suffix","values":[]},"website":"","show_map":true,"show_map_link":true,"hide_from_listings":false,"sticky":false,"featured":false,"categories":[],"tags":[],"venue":{"id":853,"author":"9","status":"publish","date":"2017-04-18 07:47:49","date_utc":"2017-04-18 07:47:49","modified":"2017-04-18 07:47:49","modified_utc":"2017-04-18 07:47:49","url":"https:\/\/bullas.es\/turismo\/lugar\/la-rafa\/","venue":"La Rafa","slug":"la-rafa","address":"Paraje La Rafa","city":"Bullas","country":"Espa\u00f1a","province":"Murcia","zip":"30180","website":"www.bullas.es","stateprovince":"Murcia","json_ld":{"@type":"Place","name":"La Rafa","description":"","url":"","address":{"@type":"PostalAddress","streetAddress":"Paraje La Rafa","addressLocality":"Bullas","addressRegion":"Murcia","postalCode":"30180","addressCountry":"Espa\u00f1a"},"telephone":"","sameAs":"www.bullas.es"},"show_map":true,"show_map_link":true,"global_id":"bullas.es\/turismo?id=853","global_id_lineage":["bullas.es\/turismo?id=853"]},"organizer":[],"json_ld":{"@context":"http:\/\/schema.org","@type":"Event","name":"Festival de Ritmos &#8220;Carnabulia&#8221;","description":"&lt;p&gt;El festival de ritmos &quot;Carnabulia&quot; es un punto de reuni\u00f3n de batucadas, blocos y escolas, de personas interesadas percusi\u00f3n brasile\u00f1a a nivel nacional e internacional. Lleva realiz\u00e1ndose desde el 2011, y cada\u00a0 vez tienes m\u00e1s participantes. Es en \u00fanico encuentro que se realiza en toda la Regi\u00f3n de Murcia, llev\u00e1ndose a cabo en Bullas, Murcia. Este a\u00f1o se celebra la ... &lt;\/p&gt;\\n&lt;div&gt;&lt;a href=&quot;https:\/\/bullas.es\/turismo\/evento\/festival-ritmos-carnabulia\/&quot; class=&quot;more-link&quot;&gt;Read More&lt;\/a&gt;&lt;\/div&gt;\\n","image":"https:\/\/bullas.es\/turismo\/wp-content\/uploads\/sites\/2\/2017\/06\/programacio\u0301n.jpg","url":"https:\/\/bullas.es\/turismo\/evento\/festival-ritmos-carnabulia\/","startDate":"2017-07-07T00:00:00+00:00","endDate":"2017-07-09T23:59:59+00:00","location":{"@type":"Place","name":"La Rafa","description":"","url":"","address":{"@type":"PostalAddress","streetAddress":"Paraje La Rafa","addressLocality":"Bullas","addressRegion":"Murcia","postalCode":"30180","addressCountry":"Espa\u00f1a"},"telephone":"","sameAs":"www.bullas.es"},"performer":"Organization"}}