{"id":2145,"global_id":"bullas.es\/turismo?id=2145","global_id_lineage":["bullas.es\/turismo?id=2145"],"author":"9","status":"publish","date":"2023-09-07 11:36:00","date_utc":"2023-09-07 11:36:00","modified":"2023-09-07 11:37:56","modified_utc":"2023-09-07 11:37:56","url":"https:\/\/bullas.es\/turismo\/evento\/programacion-fiestas-del-vino-2023\/","rest_url":"https:\/\/bullas.es\/turismo\/wp-json\/tribe\/events\/v1\/events\/2145","title":"Programaci\u00f3n Fiestas del Vino 2023","description":"<h3><a href=\"https:\/\/bullas.es\/turismo\/wp-content\/uploads\/sites\/2\/2023\/09\/FOLLETO-FIESTAS-DEL-VINO-2023.pdf\">DESCARGAR FOLLETO FIESTAS DEL VINO 2023<\/a><\/h3>\n<hr \/>\n<h2><span id=\"page3R_mcid6\" class=\"markedContent\"><span dir=\"ltr\" role=\"presentation\">Viernes 15<\/span> <span dir=\"ltr\" role=\"presentation\">de septiembre<\/span><\/span><\/h2>\n<h4><span id=\"undefined\" class=\"markedContent\"><\/span><span id=\"page3R_mcid9\" class=\"markedContent\" style=\"color: #008000\"><span dir=\"ltr\" role=\"presentation\">Museo del Vino<\/span><\/span><span id=\"page3R_mcid10\" class=\"markedContent\"><\/span><span id=\"page3R_mcid11\" class=\"markedContent\"><\/span><span id=\"page3R_mcid12\" class=\"markedContent\"><\/span><span id=\"page3R_mcid13\" class=\"markedContent\"><br role=\"presentation\" \/><\/span><\/h4>\n<h3><span id=\"page3R_mcid13\" class=\"markedContent\" style=\"color: #ff0000\"><span dir=\"ltr\" role=\"presentation\">E<\/span><span dir=\"ltr\" role=\"presentation\">xposici\u00f3n:<\/span><\/span><span id=\"page3R_mcid13\" class=\"markedContent\" style=\"color: #ff0000\"><span dir=\"ltr\" role=\"presentation\">\u00a0<\/span><\/span><span id=\"page3R_mcid14\" class=\"markedContent\"><span dir=\"ltr\" role=\"presentation\">Las donaciones art\u00edsticas del Museo<\/span><\/span><span id=\"page3R_mcid15\" class=\"markedContent\"><br role=\"presentation\" \/><span dir=\"ltr\" role=\"presentation\">Celebrando el vig\u00e9simo aniversario<\/span> <span dir=\"ltr\" role=\"presentation\">del Museo del Vino de Bullas<\/span><\/span><\/h3>\n<p><span id=\"page3R_mcid16\" class=\"markedContent\"><span dir=\"ltr\" role=\"presentation\">D<\/span><span dir=\"ltr\" role=\"presentation\">el<\/span> <span dir=\"ltr\" role=\"presentation\">15 de<\/span> <span dir=\"ltr\" role=\"presentation\">septiembre al 30 de noviembre<\/span><\/span><span id=\"page3R_mcid17\" class=\"markedContent\"><\/span><span id=\"undefined\" class=\"markedContent\"><\/span><span id=\"page3R_mcid18\" class=\"markedContent\"><\/span><span id=\"page3R_mcid19\" class=\"markedContent\"><\/span><span id=\"page3R_mcid20\" class=\"markedContent\"><\/span><span id=\"undefined\" class=\"markedContent\"><\/span><span id=\"page3R_mcid21\" class=\"markedContent\"><br role=\"presentation\" \/><\/span><\/p>\n<h4><span style=\"color: #008000\"><span id=\"page3R_mcid21\" class=\"markedContent\"><span dir=\"ltr\" role=\"presentation\">Museo del Vino.\u00a0<\/span><\/span><span id=\"page3R_mcid22\" class=\"markedContent\"> <span dir=\"ltr\" role=\"presentation\">20.00<\/span> <span dir=\"ltr\" role=\"presentation\">horas<\/span><\/span><\/span><\/h4>\n<h3><span id=\"page3R_mcid23\" class=\"markedContent\"> <span dir=\"ltr\" role=\"presentation\">Investidura<\/span> <span dir=\"ltr\" style=\"color: #ff0000\" role=\"presentation\">MAESTRA DEL VINO DE BULLAS 2023\u00a0<\/span><\/span><span id=\"page3R_mcid23\" class=\"markedContent\"> <span dir=\"ltr\" role=\"presentation\">en la persona de <\/span><span dir=\"ltr\" style=\"color: #ff0000\" role=\"presentation\">ENCARNA TALAVERA<\/span> <span dir=\"ltr\" role=\"presentation\">periodista, Jefa de Programas de La7 RM y <\/span><span dir=\"ltr\" role=\"presentation\">presentadora del magazin \u201cMurcia Conecta\u201d.<\/span><\/span><span id=\"page3R_mcid24\" class=\"markedContent\"><br role=\"presentation\" \/><span dir=\"ltr\" role=\"presentation\">Con la participaci\u00f3n de<\/span> <span dir=\"ltr\" role=\"presentation\">Mar\u00eda Bastida<\/span> <span dir=\"ltr\" role=\"presentation\">a la guitarra.<\/span><\/span><span id=\"page3R_mcid25\" class=\"markedContent\"><br role=\"presentation\" \/><\/span><\/h3>\n<p><span id=\"page3R_mcid25\" class=\"markedContent\"><span dir=\"ltr\" role=\"presentation\">Previa invitaci\u00f3n. Informaci\u00f3n: 968 657 211<\/span><\/span><span id=\"page3R_mcid26\" class=\"markedContent\"><\/span><span id=\"undefined\" class=\"markedContent\"><\/span><span id=\"page3R_mcid27\" class=\"markedContent\"><\/span><span id=\"page3R_mcid28\" class=\"markedContent\"><\/span><span id=\"page3R_mcid29\" class=\"markedContent\"><\/span><span id=\"undefined\" class=\"markedContent\"><\/span><span id=\"page3R_mcid30\" class=\"markedContent\"><br role=\"presentation\" \/><\/span><\/p>\n<h4><span style=\"color: #008000\"><span id=\"page3R_mcid30\" class=\"markedContent\"><span dir=\"ltr\" role=\"presentation\">Plaza Vieja.<\/span><\/span><span id=\"page3R_mcid31\" class=\"markedContent\"> <span dir=\"ltr\" role=\"presentation\">21:00 horas<\/span><\/span><\/span><span id=\"page3R_mcid32\" class=\"markedContent\"><\/span><\/h4>\n<h3><span id=\"page3R_mcid32\" class=\"markedContent\" style=\"color: #ff0000\"><span dir=\"ltr\" role=\"presentation\">NOCHE TEM\u00c1TICA DEL VINO<\/span><\/span><span id=\"page3R_mcid33\" class=\"markedContent\"><br role=\"presentation\" \/><\/span><\/h3>\n<p><span id=\"page3R_mcid33\" class=\"markedContent\"><span dir=\"ltr\" role=\"presentation\"><img loading=\"lazy\" class=\"alignnone size-full wp-image-2149\" src=\"https:\/\/bullas.es\/turismo\/wp-content\/uploads\/sites\/2\/2023\/09\/CARTEL-NOCHE-TEMA\u0301TICA-DEL-VINO.jpg\" alt=\"\" width=\"1127\" height=\"2008\" \/>Muestra enogastron\u00f3mica <\/span><\/span><span id=\"page3R_mcid34\" class=\"markedContent\"><span dir=\"ltr\" role=\"presentation\">de la Ruta del Vino de Bullas. <\/span><\/span><span id=\"page3R_mcid36\" class=\"markedContent\"><span dir=\"ltr\" role=\"presentation\">Amenizado por<\/span> <span dir=\"ltr\" role=\"presentation\">el Tr\u00edo Euterpe y Maxi<\/span> <span dir=\"ltr\" role=\"presentation\">Caballero y animaci\u00f3n de calle.<\/span><\/span><\/p>\n<p><span id=\"page3R_mcid37\" class=\"markedContent\"><\/span><span id=\"page3R_mcid38\" class=\"markedContent\"><span dir=\"ltr\" role=\"presentation\">Servicio de guarder\u00eda<\/span><span dir=\"ltr\" role=\"presentation\">&#8211;<\/span><span dir=\"ltr\" role=\"presentation\">animaci\u00f3n infantil <\/span><\/span><span id=\"page3R_mcid39\" class=\"markedContent\"><span dir=\"ltr\" role=\"presentation\">con la Asociaci\u00f3n Aquabul.<\/span><\/span><\/p>\n<p><span id=\"page3R_mcid40\" class=\"markedContent\"><span dir=\"ltr\" role=\"presentation\">(<\/span><span dir=\"ltr\" role=\"presentation\">actividad gratuita con inscripci\u00f3n previa<\/span> <span dir=\"ltr\" role=\"presentation\">en<\/span><\/span><a href=\"http:\/\/www.bullas.es\"><span id=\"page3R_mcid41\" class=\"markedContent\"> <span dir=\"ltr\" role=\"presentation\">bullas.es<\/span><\/span><\/a><span id=\"page3R_mcid42\" class=\"markedContent\"><span dir=\"ltr\" role=\"presentation\">)<\/span><\/span><span id=\"page3R_mcid43\" class=\"markedContent\"><\/span><span id=\"page3R_mcid44\" class=\"markedContent\"><\/span><span id=\"page3R_mcid45\" class=\"markedContent\"><br role=\"presentation\" \/><\/span><\/p>\n<p><span id=\"page3R_mcid45\" class=\"markedContent\"><span dir=\"ltr\" role=\"presentation\">Participan<\/span><span dir=\"ltr\" role=\"presentation\">: <\/span><\/span><span id=\"page3R_mcid46\" class=\"markedContent\"><span dir=\"ltr\" role=\"presentation\">BODEGAS DEL ROSARIO, <\/span><\/span><span id=\"page3R_mcid47\" class=\"markedContent\"><span dir=\"ltr\" role=\"presentation\">BODEGA SAN<\/span> <span dir=\"ltr\" role=\"presentation\">ISIDRO, <\/span><\/span><span id=\"page3R_mcid48\" class=\"markedContent\"><span dir=\"ltr\" role=\"presentation\">BODEGAS CARRASCALEJO, <\/span><\/span><span id=\"page3R_mcid49\" class=\"markedContent\"><span dir=\"ltr\" role=\"presentation\">BODEGA BALCONA, <\/span><\/span><span id=\"page3R_mcid50\" class=\"markedContent\"><span dir=\"ltr\" role=\"presentation\">BODEGAS LAVIA, <\/span><\/span><span id=\"page3R_mcid51\" class=\"markedContent\"><span dir=\"ltr\" role=\"presentation\">BODEGA MONASTRELL, <\/span><\/span><span id=\"page3R_mcid52\" class=\"markedContent\"><span dir=\"ltr\" role=\"presentation\">BODEGAS CARRE\u00d1O, <\/span><\/span><span id=\"page3R_mcid53\" class=\"markedContent\"><span dir=\"ltr\" role=\"presentation\">BODEGAS HYDRIA, <\/span><\/span><span id=\"page3R_mcid54\" class=\"markedContent\"><span dir=\"ltr\" role=\"presentation\">BODEGA LLANO Y MONTE, <\/span><\/span><span id=\"page3R_mcid55\" class=\"markedContent\"><span dir=\"ltr\" role=\"presentation\">RTE AS<\/span><span dir=\"ltr\" role=\"presentation\">A<\/span><span dir=\"ltr\" role=\"presentation\">DOR DEL NOROESTE, <\/span><\/span><span id=\"page3R_mcid56\" class=\"markedContent\"><span dir=\"ltr\" role=\"presentation\">ENTRETEMPOS CAF\u00c9<\/span> <span dir=\"ltr\" role=\"presentation\">&amp;<\/span> <span dir=\"ltr\" role=\"presentation\">VINO, <\/span><\/span><span id=\"page3R_mcid57\" class=\"markedContent\"><span dir=\"ltr\" role=\"presentation\">RESTAURANTE LA ALMAZARA<\/span><\/span><span id=\"undefined\" class=\"markedContent\"><\/span><span id=\"page3R_mcid58\" class=\"markedContent\"><\/span><span id=\"undefined\" class=\"markedContent\"><\/span><span id=\"page3R_mcid59\" class=\"markedContent\"><\/span><span id=\"page3R_mcid60\" class=\"markedContent\"><br role=\"presentation\" \/><\/span><\/p>\n<h2><span id=\"page3R_mcid60\" class=\"markedContent\"><span dir=\"ltr\" role=\"presentation\">S\u00e1bado 16<\/span> <span dir=\"ltr\" role=\"presentation\">de<\/span> <span dir=\"ltr\" role=\"presentation\">septiembre<\/span><\/span><span id=\"undefined\" class=\"markedContent\"><\/span><span id=\"page3R_mcid61\" class=\"markedContent\"><\/span><span id=\"page3R_mcid62\" class=\"markedContent\"><\/span><span id=\"page3R_mcid63\" class=\"markedContent\"><\/span><span id=\"undefined\" class=\"markedContent\"><\/span><span id=\"page3R_mcid64\" class=\"markedContent\"><\/span><span id=\"page3R_mcid65\" class=\"markedContent\"><br role=\"presentation\" \/><\/span><\/h2>\n<h4><span style=\"color: #008000\"><span id=\"page3R_mcid65\" class=\"markedContent\"><span dir=\"ltr\" role=\"presentation\">Museo del Vino.<\/span><\/span><span id=\"page3R_mcid66\" class=\"markedContent\"><\/span><span id=\"page3R_mcid67\" class=\"markedContent\"> <span dir=\"ltr\" role=\"presentation\">Desde <\/span><span dir=\"ltr\" role=\"presentation\">1<\/span><span dir=\"ltr\" role=\"presentation\">0:30<\/span> <span dir=\"ltr\" role=\"presentation\">horas<\/span><\/span><\/span><\/h4>\n<h3><span id=\"page3R_mcid68\" class=\"markedContent\"><span dir=\"ltr\" role=\"presentation\"><span style=\"color: #ff0000\">Visitas guiadas<\/span> gratuitas a<\/span><span dir=\"ltr\" role=\"presentation\">l Museo del Vino de Bullas<\/span><\/span><\/h3>\n<p><span id=\"page3R_mcid69\" class=\"markedContent\"><\/span><span id=\"page3R_mcid70\" class=\"markedContent\"><span dir=\"ltr\" role=\"presentation\">Reserva<\/span><span dir=\"ltr\" role=\"presentation\">s<\/span><span dir=\"ltr\" role=\"presentation\">:<\/span> <span dir=\"ltr\" role=\"presentation\">968 657 211<\/span><\/span><span id=\"page3R_mcid71\" class=\"markedContent\"><\/span><span id=\"undefined\" class=\"markedContent\"><\/span><span id=\"page3R_mcid72\" class=\"markedContent\"><\/span><span id=\"page3R_mcid73\" class=\"markedContent\"><\/span><span id=\"page3R_mcid74\" class=\"markedContent\"><\/span><span id=\"undefined\" class=\"markedContent\"><\/span><span id=\"undefined\" class=\"markedContent\"><\/span><span id=\"page3R_mcid75\" class=\"markedContent\"><\/span><span id=\"page3R_mcid76\" class=\"markedContent\"><br role=\"presentation\" \/><\/span><\/p>\n<h2><span id=\"page3R_mcid76\" class=\"markedContent\"><span dir=\"ltr\" role=\"presentation\">Domingo<\/span> <span dir=\"ltr\" role=\"presentation\">1<\/span><span dir=\"ltr\" role=\"presentation\">7<\/span> <span dir=\"ltr\" role=\"presentation\">de septiembre<\/span><\/span><\/h2>\n<h4><span id=\"undefined\" class=\"markedContent\"><\/span><span style=\"color: #008000\"><span id=\"page3R_mcid80\" class=\"markedContent\"><span dir=\"ltr\" role=\"presentation\">Casa Museo <\/span><span dir=\"ltr\" role=\"presentation\">Don Pepe. <\/span><\/span><span id=\"page3R_mcid81\" class=\"markedContent\"><span dir=\"ltr\" role=\"presentation\">Desde <\/span><span dir=\"ltr\" role=\"presentation\">1<\/span><span dir=\"ltr\" role=\"presentation\">0<\/span><span dir=\"ltr\" role=\"presentation\">.<\/span><span dir=\"ltr\" role=\"presentation\">3<\/span><span dir=\"ltr\" role=\"presentation\">0<\/span> <span dir=\"ltr\" role=\"presentation\">horas<\/span><\/span><\/span><\/h4>\n<h3><span id=\"page3R_mcid82\" class=\"markedContent\"> <span dir=\"ltr\" role=\"presentation\"><span style=\"color: #ff0000\">Visitas guiadas<\/span> gratuitas a la Casa Museo Don Pepe Marsilla<\/span><\/span><span id=\"page3R_mcid83\" class=\"markedContent\"><\/span><span id=\"page3R_mcid84\" class=\"markedContent\"><br role=\"presentation\" \/><\/span><\/h3>\n<p><span id=\"page3R_mcid84\" class=\"markedContent\"><span dir=\"ltr\" role=\"presentation\">R<\/span><span dir=\"ltr\" role=\"presentation\">eservas<\/span><span dir=\"ltr\" role=\"presentation\">:<\/span> <span dir=\"ltr\" role=\"presentation\">968 657 211<\/span><\/span><span id=\"page3R_mcid85\" class=\"markedContent\"><\/span><span id=\"undefined\" class=\"markedContent\"><\/span><span id=\"page3R_mcid86\" class=\"markedContent\"><\/span><\/p>\n<div class=\"page\" role=\"region\" data-page-number=\"1\" aria-label=\"P\u00e1gina 1\" data-loaded=\"true\">\n<h2 class=\"annotationLayer\" data-main-rotation=\"0\"><span dir=\"ltr\" role=\"presentation\">S\u00e1bado 2<\/span><span dir=\"ltr\" role=\"presentation\">3<\/span> <span dir=\"ltr\" role=\"presentation\">de septiembre<\/span><\/h2>\n<\/div>\n<h4><span style=\"color: #008000\"><span id=\"page27R_mcid6\" class=\"markedContent\"><span dir=\"ltr\" role=\"presentation\">Valle del <\/span><span dir=\"ltr\" role=\"presentation\">Aceniche. <\/span><\/span><span id=\"page27R_mcid7\" class=\"markedContent\"><span dir=\"ltr\" role=\"presentation\">1<\/span><span dir=\"ltr\" role=\"presentation\">0.00<\/span> <span dir=\"ltr\" role=\"presentation\">horas<\/span><\/span><\/span><\/h4>\n<h3><span id=\"page27R_mcid8\" class=\"markedContent\" style=\"color: #ff0000\"> <span dir=\"ltr\" role=\"presentation\">Vendimiando con Bodega Monastrell<\/span><\/span><\/h3>\n<p><span id=\"page27R_mcid9\" class=\"markedContent\"><span dir=\"ltr\" role=\"presentation\">Incluye:<\/span> <span dir=\"ltr\" role=\"presentation\">vi<\/span><span dir=\"ltr\" role=\"presentation\">sita al mu<\/span><span dir=\"ltr\" role=\"presentation\">seo,<\/span> <span dir=\"ltr\" role=\"presentation\">taller de vendimia en vi\u00f1edo, visita instalaciones <\/span><span dir=\"ltr\" role=\"presentation\">Bodega Monastrell, cata de vinos y almuerzo<\/span><span dir=\"ltr\" role=\"presentation\">&#8211;<\/span><span dir=\"ltr\" role=\"presentation\">comida<\/span> <span dir=\"ltr\" role=\"presentation\">in situ<\/span><span dir=\"ltr\" role=\"presentation\">.<\/span><\/span><span id=\"page27R_mcid10\" class=\"markedContent\"><br role=\"presentation\" \/><span dir=\"ltr\" role=\"presentation\">Punto de encuentro: Museo del Vino.<\/span><\/span><span id=\"page27R_mcid11\" class=\"markedContent\"><br role=\"presentation\" \/><\/span><\/p>\n<p><span id=\"page27R_mcid11\" class=\"markedContent\"><span dir=\"ltr\" role=\"presentation\">Cuota: 3<\/span><span dir=\"ltr\" role=\"presentation\">5<\/span> <span dir=\"ltr\" role=\"presentation\">\u20ac (ni\u00f1os: 15 \u20ac). Informaci\u00f3n y reservas:<\/span><\/span><span id=\"page27R_mcid12\" class=\"markedContent\"> <span dir=\"ltr\" role=\"presentation\">www.descubre.bullasenruta.es<\/span><\/span><span id=\"page27R_mcid13\" class=\"markedContent\"><\/span><span id=\"page27R_mcid14\" class=\"markedContent\"><\/span><span id=\"undefined\" class=\"markedContent\"><\/span><span id=\"page27R_mcid15\" class=\"markedContent\"><\/span><span id=\"page27R_mcid16\" class=\"markedContent\"><\/span><span id=\"page27R_mcid17\" class=\"markedContent\"><\/span><span id=\"undefined\" class=\"markedContent\"><\/span><span id=\"page27R_mcid18\" class=\"markedContent\"><br role=\"presentation\" \/><\/span><\/p>\n<h4><span style=\"color: #008000\"><span id=\"page27R_mcid18\" class=\"markedContent\"><span dir=\"ltr\" role=\"presentation\">Plaza de Espa\u00f1a<\/span><\/span><span id=\"page27R_mcid19\" class=\"markedContent\"> <span dir=\"ltr\" role=\"presentation\">1<\/span><span dir=\"ltr\" role=\"presentation\">0.00<\/span> <span dir=\"ltr\" role=\"presentation\">horas<\/span><\/span><\/span><span id=\"page27R_mcid20\" class=\"markedContent\"><\/span><\/h4>\n<h3><span id=\"page27R_mcid20\" class=\"markedContent\" style=\"color: #ff0000\"><span dir=\"ltr\" role=\"presentation\">Cabalgata infantil del vino<\/span><\/span><span id=\"page27R_mcid21\" class=\"markedContent\"><br role=\"presentation\" \/><\/span><\/h3>\n<ul>\n<li><span id=\"page27R_mcid21\" class=\"markedContent\"><span dir=\"ltr\" role=\"presentation\">Taller de dulces<\/span> <span dir=\"ltr\" role=\"presentation\">tradicionales<\/span><span dir=\"ltr\" role=\"presentation\">.<\/span><\/span><\/li>\n<li><span id=\"page27R_mcid22\" class=\"markedContent\"><span dir=\"ltr\" role=\"presentation\">Cabalgata con el T\u00edo de la Pita<\/span> <span dir=\"ltr\" role=\"presentation\">y<\/span> <span dir=\"ltr\" role=\"presentation\">Pisada de la Uva.<\/span><\/span><\/li>\n<\/ul>\n<p><span id=\"page27R_mcid23\" class=\"markedContent\"><span dir=\"ltr\" role=\"presentation\">Actividad gratuita con reserva previa en<\/span><\/span><span id=\"page27R_mcid24\" class=\"markedContent\"> <span dir=\"ltr\" role=\"presentation\">bullas.es<\/span><\/span><span id=\"page27R_mcid25\" class=\"markedContent\"><span dir=\"ltr\" role=\"presentation\">. Asociaci\u00f3n cultural Entretant@s<\/span><\/span><span id=\"page27R_mcid26\" class=\"markedContent\"><\/span><span id=\"undefined\" class=\"markedContent\"><\/span><span id=\"page27R_mcid27\" class=\"markedContent\"><\/span><span id=\"undefined\" class=\"markedContent\"><\/span><span id=\"undefined\" class=\"markedContent\"><\/span><span id=\"page27R_mcid28\" class=\"markedContent\"><\/span><span id=\"page27R_mcid29\" class=\"markedContent\"><br role=\"presentation\" \/><\/span><\/p>\n<h2><span id=\"page27R_mcid29\" class=\"markedContent\"><span dir=\"ltr\" role=\"presentation\">Domingo<\/span> <span dir=\"ltr\" role=\"presentation\">2<\/span><span dir=\"ltr\" role=\"presentation\">4<\/span> <span dir=\"ltr\" role=\"presentation\">de septiembre<\/span><\/span><\/h2>\n<h4><span id=\"undefined\" class=\"markedContent\"><\/span><span style=\"color: #ff0000\"><span id=\"page27R_mcid33\" class=\"markedContent\"><span dir=\"ltr\" role=\"presentation\">Museo del Vino.<\/span><\/span><span id=\"page27R_mcid34\" class=\"markedContent\"> <span dir=\"ltr\" role=\"presentation\"><span style=\"color: #008000\">Desde<\/span> las <\/span><span dir=\"ltr\" role=\"presentation\">1<\/span><span dir=\"ltr\" role=\"presentation\">0:30<\/span> <span dir=\"ltr\" role=\"presentation\">horas<\/span><\/span><\/span><\/h4>\n<h3><span id=\"page27R_mcid35\" class=\"markedContent\"> <span dir=\"ltr\" role=\"presentation\"><span style=\"color: #ff0000\">Jornada de Puertas Abiertas<\/span> del Museo del Vino de Bullas<\/span><\/span><span id=\"page27R_mcid36\" class=\"markedContent\"><br role=\"presentation\" \/><\/span><\/h3>\n<p><span id=\"page27R_mcid36\" class=\"markedContent\"><span dir=\"ltr\" role=\"presentation\">Visitas guiadas gratuitas a la exposici\u00f3n permanente.<\/span><\/span><span id=\"page27R_mcid37\" class=\"markedContent\"><br role=\"presentation\" \/><\/span><\/p>\n<p><span id=\"page27R_mcid37\" class=\"markedContent\"><span dir=\"ltr\" role=\"presentation\">Reservas:<\/span> <span dir=\"ltr\" role=\"presentation\">968 657 211<\/span><\/span><span id=\"page27R_mcid38\" class=\"markedContent\"><\/span><span id=\"undefined\" class=\"markedContent\"><\/span><span id=\"page27R_mcid39\" class=\"markedContent\"><\/span><span id=\"page27R_mcid40\" class=\"markedContent\"><\/span><span id=\"page27R_mcid41\" class=\"markedContent\"><\/span><span id=\"undefined\" class=\"markedContent\"><\/span><span id=\"page27R_mcid42\" class=\"markedContent\"><br role=\"presentation\" \/><\/span><\/p>\n<h4><span style=\"color: #008000\"><span id=\"page27R_mcid42\" class=\"markedContent\"><span dir=\"ltr\" role=\"presentation\">P<\/span><span dir=\"ltr\" role=\"presentation\">laza de Espa\u00f1a.<\/span><\/span><span id=\"page27R_mcid43\" class=\"markedContent\"> <span dir=\"ltr\" role=\"presentation\">1<\/span><span dir=\"ltr\" role=\"presentation\">2<\/span><span dir=\"ltr\" role=\"presentation\">:<\/span><span dir=\"ltr\" role=\"presentation\">0<\/span><span dir=\"ltr\" role=\"presentation\">0<\/span> <span dir=\"ltr\" role=\"presentation\">horas<\/span><\/span><\/span><\/h4>\n<h3><span id=\"page27R_mcid44\" class=\"markedContent\" style=\"color: #ff0000\"> <span dir=\"ltr\" role=\"presentation\">D\u00eda de la Vendimia<\/span><\/span><\/h3>\n<ul>\n<li><span id=\"page27R_mcid45\" class=\"markedContent\"><span dir=\"ltr\" role=\"presentation\">Pasacalles de Pe\u00f1as Festeras, Autoridades y p\u00fablico en general, con la colaboraci\u00f3n<\/span><br role=\"presentation\" \/><span dir=\"ltr\" role=\"presentation\">de la<\/span> <span dir=\"ltr\" role=\"presentation\">Uni\u00f3n Musical Villa de Bullas<\/span><span dir=\"ltr\" role=\"presentation\">.<\/span><\/span><\/li>\n<li><span id=\"page27R_mcid46\" class=\"markedContent\"><span dir=\"ltr\" role=\"presentation\">Inauguraci\u00f3n y e<\/span><span dir=\"ltr\" role=\"presentation\">ncendido de la Fuente del Vino<\/span> <span dir=\"ltr\" role=\"presentation\">con los bailes folcl\u00f3ricos de la<\/span><\/span><span id=\"page27R_mcid47\" class=\"markedContent\"><br role=\"presentation\" \/><span dir=\"ltr\" role=\"presentation\">Pe\u00f1a La Uva<\/span><span dir=\"ltr\" role=\"presentation\">.<\/span><\/span><\/li>\n<li><span id=\"page27R_mcid48\" class=\"markedContent\"><span dir=\"ltr\" role=\"presentation\">Pisada de la Uva<\/span><span dir=\"ltr\" role=\"presentation\">,<\/span> <span dir=\"ltr\" role=\"presentation\">b<\/span><span dir=\"ltr\" role=\"presentation\">endici\u00f3n<\/span> <span dir=\"ltr\" role=\"presentation\">y degustaci\u00f3n<\/span> <span dir=\"ltr\" role=\"presentation\">del primer mosto de vendimia<\/span><br role=\"presentation\" \/><span dir=\"ltr\" role=\"presentation\">acompa\u00f1ados del Ayuntamiento de Calasparra como instituci\u00f3n<\/span> <span dir=\"ltr\" role=\"presentation\">invitada<\/span><br role=\"presentation\" \/><span dir=\"ltr\" role=\"presentation\">perteneciente a<\/span> <span dir=\"ltr\" role=\"presentation\">la D.O.P. Bullas<\/span><span dir=\"ltr\" role=\"presentation\">.<\/span><\/span><\/li>\n<li><span id=\"page27R_mcid49\" class=\"markedContent\"><span dir=\"ltr\" role=\"presentation\">Stand<\/span> <span dir=\"ltr\" role=\"presentation\">con los vinos<\/span> <span dir=\"ltr\" role=\"presentation\">de la D<\/span><span dir=\"ltr\" role=\"presentation\">.<\/span><span dir=\"ltr\" role=\"presentation\">O<\/span><span dir=\"ltr\" role=\"presentation\">.<\/span><span dir=\"ltr\" role=\"presentation\">P<\/span><span dir=\"ltr\" role=\"presentation\">.<\/span> <span dir=\"ltr\" role=\"presentation\">Bullas<\/span><span dir=\"ltr\" role=\"presentation\">.<\/span><\/span><span id=\"page27R_mcid50\" class=\"markedContent\"><\/span><span id=\"undefined\" class=\"markedContent\"><\/span><span id=\"page27R_mcid51\" class=\"markedContent\"><\/span><span id=\"undefined\" class=\"markedContent\"><\/span><span id=\"page27R_mcid52\" class=\"markedContent\"><\/span><span id=\"page27R_mcid53\" class=\"markedContent\"><br role=\"presentation\" \/><\/span><\/li>\n<\/ul>\n<h4><span id=\"page27R_mcid53\" class=\"markedContent\"><span dir=\"ltr\" role=\"presentation\">S\u00e1bado<\/span> <span dir=\"ltr\" role=\"presentation\">30<\/span> <span dir=\"ltr\" role=\"presentation\">de<\/span> <span dir=\"ltr\" role=\"presentation\">septiembre<\/span><\/span><\/h4>\n<h4><span id=\"undefined\" class=\"markedContent\"><\/span><span style=\"color: #008000\"><span id=\"page27R_mcid57\" class=\"markedContent\"><span dir=\"ltr\" role=\"presentation\">Museo del Vino<\/span><\/span><span id=\"page27R_mcid58\" class=\"markedContent\">\u00a0<span dir=\"ltr\" role=\"presentation\">1<\/span><span dir=\"ltr\" role=\"presentation\">3<\/span><span dir=\"ltr\" role=\"presentation\">:<\/span><span dir=\"ltr\" role=\"presentation\">0<\/span><span dir=\"ltr\" role=\"presentation\">0<\/span> <span dir=\"ltr\" role=\"presentation\">horas<\/span><\/span><\/span><\/h4>\n<h3><span id=\"page27R_mcid59\" class=\"markedContent\" style=\"color: #ff0000\"> <span dir=\"ltr\" role=\"presentation\">Vino y literatura: maridaje<\/span> <span dir=\"ltr\" role=\"presentation\">eterno<\/span><\/span><\/h3>\n<p><span id=\"page27R_mcid60\" class=\"markedContent\"><span dir=\"ltr\" role=\"presentation\">Conversaciones gastroliterarias<\/span><\/span><span id=\"page27R_mcid61\" class=\"markedContent\"><br role=\"presentation\" \/><span dir=\"ltr\" role=\"presentation\">Festival Internacional de Literatura en Espa\u00f1ol<\/span><\/span><\/p>\n<p><span id=\"page27R_mcid62\" class=\"markedContent\"><\/span><span id=\"page27R_mcid63\" class=\"markedContent\"><br role=\"presentation\" \/><strong><span dir=\"ltr\" role=\"presentation\">Juan Manuel de Prada<\/span><\/strong><span dir=\"ltr\" role=\"presentation\">.<\/span> <span dir=\"ltr\" role=\"presentation\">Cr\u00edtico literario y e<\/span><span dir=\"ltr\" role=\"presentation\">scritor<\/span><span dir=\"ltr\" role=\"presentation\">, Premio Planeta y Premio<\/span><br role=\"presentation\" \/><span dir=\"ltr\" role=\"presentation\">Nacional de Narrativa.<\/span><\/span><span id=\"page27R_mcid64\" class=\"markedContent\"><br role=\"presentation\" \/><strong><span dir=\"ltr\" role=\"presentation\">Salvador Mart\u00ednez<\/span><span dir=\"ltr\" role=\"presentation\">.<\/span><\/strong> <span dir=\"ltr\" role=\"presentation\">Arque\u00f3logo y Director<\/span> <span dir=\"ltr\" role=\"presentation\">del Museo del Vino<\/span><span dir=\"ltr\" role=\"presentation\">.<\/span><\/span><span id=\"page27R_mcid65\" class=\"markedContent\"><br role=\"presentation\" \/><span dir=\"ltr\" role=\"presentation\">Modera:<\/span> <strong><span dir=\"ltr\" role=\"presentation\">Pachi Larrosa<\/span><\/strong><span dir=\"ltr\" role=\"presentation\"><strong>.<\/strong> Periodista gastron\u00f3mico<\/span><span dir=\"ltr\" role=\"presentation\">.<\/span><\/span><span id=\"page27R_mcid66\" class=\"markedContent\"><br role=\"presentation\" \/><span dir=\"ltr\" role=\"presentation\">Se acompa\u00f1a de<\/span> <span dir=\"ltr\" role=\"presentation\">minicata<\/span> <span dir=\"ltr\" role=\"presentation\">de vinos DO<\/span><span dir=\"ltr\" role=\"presentation\">P<\/span> <span dir=\"ltr\" role=\"presentation\">Bullas a cargo de<\/span> <strong><span dir=\"ltr\" role=\"presentation\">Jos\u00e9 S\u00e1nchez<\/span><\/strong><span dir=\"ltr\" role=\"presentation\"><strong>,<\/strong> sumiller <\/span><span dir=\"ltr\" role=\"presentation\">de la<\/span> <span dir=\"ltr\" role=\"presentation\">Ruta del Vino.<\/span><\/span><\/p>\n<p><span id=\"page27R_mcid67\" class=\"markedContent\"><span dir=\"ltr\" role=\"presentation\">Actividad gratuita hasta completar aforo<\/span><span dir=\"ltr\" role=\"presentation\">.<\/span> <span dir=\"ltr\" role=\"presentation\">Informaci\u00f3n y reservas:<\/span> <span dir=\"ltr\" role=\"presentation\">968 657 211<\/span><\/span><span id=\"page27R_mcid68\" class=\"markedContent\"><\/span><span id=\"undefined\" class=\"markedContent\"><\/span><span id=\"page27R_mcid69\" class=\"markedContent\"><\/span><span id=\"undefined\" class=\"markedContent\"><\/span><span id=\"page27R_mcid70\" class=\"markedContent\"><\/span><span id=\"page27R_mcid71\" class=\"markedContent\"><br role=\"presentation\" \/><\/span><\/p>\n<h2><span id=\"page27R_mcid71\" class=\"markedContent\"><span dir=\"ltr\" role=\"presentation\">Domingo<\/span> <span dir=\"ltr\" role=\"presentation\">1<\/span> <span dir=\"ltr\" role=\"presentation\">de octubre<\/span><\/span><span id=\"undefined\" class=\"markedContent\"><\/span><span id=\"page27R_mcid72\" class=\"markedContent\"><\/span><span id=\"page27R_mcid73\" class=\"markedContent\"><\/span><span id=\"page27R_mcid74\" class=\"markedContent\"><\/span><span id=\"undefined\" class=\"markedContent\"><\/span><span id=\"page27R_mcid75\" class=\"markedContent\"><br role=\"presentation\" \/><\/span><\/h2>\n<h4><span style=\"color: #008000\"><span id=\"page27R_mcid75\" class=\"markedContent\"><span dir=\"ltr\" role=\"presentation\">Plaza<\/span><span dir=\"ltr\" role=\"presentation\">s<\/span> <span dir=\"ltr\" role=\"presentation\">Vieja<\/span> <span dir=\"ltr\" role=\"presentation\">y <\/span><span dir=\"ltr\" role=\"presentation\">del Castillo. De <\/span><\/span><span id=\"page27R_mcid76\" class=\"markedContent\"><span dir=\"ltr\" role=\"presentation\">9:00 a 14 horas<\/span><\/span><\/span><\/h4>\n<h3><span id=\"page27R_mcid77\" class=\"markedContent\" style=\"color: #ff0000\"><span dir=\"ltr\" role=\"presentation\">El Zacat\u00edn. <\/span><\/span><span id=\"page27R_mcid78\" class=\"markedContent\"><span dir=\"ltr\" role=\"presentation\">Mercadillo de Artesan\u00eda y Productos Locales<\/span><\/span><\/h3>\n<p><span id=\"page27R_mcid79\" class=\"markedContent\"><span dir=\"ltr\" role=\"presentation\">En esta ocasi\u00f3n dedicado al mundo del vino,<\/span> <span dir=\"ltr\" role=\"presentation\">se realizar\u00e1 la P<\/span><span dir=\"ltr\" role=\"presentation\">isada<\/span> <span dir=\"ltr\" role=\"presentation\">como anta\u00f1o<\/span> <span dir=\"ltr\" role=\"presentation\">y<\/span> <span dir=\"ltr\" role=\"presentation\">se podr\u00e1n <\/span><span dir=\"ltr\" role=\"presentation\">degustar los de la<\/span> <span dir=\"ltr\" role=\"presentation\">D.O.P. Bullas.<\/span><\/span><span id=\"page27R_mcid80\" class=\"markedContent\"><br role=\"presentation\" \/><\/span><\/p>\n<p><span id=\"page27R_mcid80\" class=\"markedContent\"><span dir=\"ltr\" role=\"presentation\">Degustaci\u00f3n de mosto<\/span> <span dir=\"ltr\" role=\"presentation\">en<\/span> <span dir=\"ltr\" role=\"presentation\">la<\/span> <span dir=\"ltr\" role=\"presentation\">Taberna Tradicional El Zacat\u00edn, con la colaboraci\u00f3n de Bodega San Isidro.<\/span><\/span><span id=\"page27R_mcid82\" class=\"markedContent\"><\/span><\/p>\n<p><img loading=\"lazy\" class=\"alignnone size-full wp-image-2151\" src=\"https:\/\/bullas.es\/turismo\/wp-content\/uploads\/sites\/2\/2023\/09\/ANUNCIO-LIBRO-FIESTAS-ZACATIN-2023-scaled.jpg\" alt=\"\" width=\"1825\" height=\"2560\" \/><\/p>\n<div id=\"mainContainer\">\n<div id=\"viewerContainer\">\n<div id=\"viewer\" class=\"pdfViewer\" lang=\"es\">\n<div class=\"page\" role=\"region\" data-page-number=\"2\" aria-label=\"P\u00e1gina 2\" data-loaded=\"true\">\n<div class=\"annotationLayer\" data-main-rotation=\"0\"><\/div>\n<\/div>\n<\/div>\n<\/div>\n<\/div>\n<div id=\"dialogContainer\"><\/div>","excerpt":"","slug":"programacion-fiestas-del-vino-2023","image":{"url":"https:\/\/bullas.es\/turismo\/wp-content\/uploads\/sites\/2\/2023\/09\/cartel-fiestas-del-vino-2023.jpg","id":2150,"extension":"jpg","width":1329,"height":1883,"sizes":{"medium":{"width":212,"height":300,"mime-type":"image\/jpeg","url":"https:\/\/bullas.es\/turismo\/wp-content\/uploads\/sites\/2\/2023\/09\/cartel-fiestas-del-vino-2023-212x300.jpg"},"large":{"width":723,"height":1024,"mime-type":"image\/jpeg","url":"https:\/\/bullas.es\/turismo\/wp-content\/uploads\/sites\/2\/2023\/09\/cartel-fiestas-del-vino-2023-723x1024.jpg"},"thumbnail":{"width":150,"height":150,"mime-type":"image\/jpeg","url":"https:\/\/bullas.es\/turismo\/wp-content\/uploads\/sites\/2\/2023\/09\/cartel-fiestas-del-vino-2023-150x150.jpg"},"medium_large":{"width":768,"height":1088,"mime-type":"image\/jpeg","url":"https:\/\/bullas.es\/turismo\/wp-content\/uploads\/sites\/2\/2023\/09\/cartel-fiestas-del-vino-2023-768x1088.jpg"},"1536x1536":{"width":1084,"height":1536,"mime-type":"image\/jpeg","url":"https:\/\/bullas.es\/turismo\/wp-content\/uploads\/sites\/2\/2023\/09\/cartel-fiestas-del-vino-2023-1084x1536.jpg"},"post-thumbnail":{"width":100,"height":142,"mime-type":"image\/jpeg","url":"https:\/\/bullas.es\/turismo\/wp-content\/uploads\/sites\/2\/2023\/09\/cartel-fiestas-del-vino-2023-100x142.jpg"},"entry":{"width":862,"height":1221,"mime-type":"image\/jpeg","url":"https:\/\/bullas.es\/turismo\/wp-content\/uploads\/sites\/2\/2023\/09\/cartel-fiestas-del-vino-2023-862x1221.jpg"},"entry-cropped":{"width":862,"height":482,"mime-type":"image\/jpeg","url":"https:\/\/bullas.es\/turismo\/wp-content\/uploads\/sites\/2\/2023\/09\/cartel-fiestas-del-vino-2023-862x482.jpg"},"entry-fullwidth":{"width":1200,"height":1700,"mime-type":"image\/jpeg","url":"https:\/\/bullas.es\/turismo\/wp-content\/uploads\/sites\/2\/2023\/09\/cartel-fiestas-del-vino-2023-1200x1700.jpg"},"entry-cropped-fullwidth":{"width":1200,"height":671,"mime-type":"image\/jpeg","url":"https:\/\/bullas.es\/turismo\/wp-content\/uploads\/sites\/2\/2023\/09\/cartel-fiestas-del-vino-2023-1200x671.jpg"}}},"all_day":true,"start_date":"2023-09-15 00:00:00","start_date_details":{"year":"2023","month":"09","day":"15","hour":"00","minutes":"00","seconds":"00"},"end_date":"2023-10-01 23:59:59","end_date_details":{"year":"2023","month":"10","day":"01","hour":"23","minutes":"59","seconds":"59"},"utc_start_date":"2023-09-15 00:00:00","utc_start_date_details":{"year":"2023","month":"09","day":"15","hour":"00","minutes":"00","seconds":"00"},"utc_end_date":"2023-10-01 23:59:59","utc_end_date_details":{"year":"2023","month":"10","day":"01","hour":"23","minutes":"59","seconds":"59"},"timezone":"UTC+0","timezone_abbr":"UTC+0","cost":"","cost_details":{"currency_symbol":"","currency_position":"suffix","values":[]},"website":"","show_map":true,"show_map_link":true,"hide_from_listings":false,"sticky":false,"featured":false,"categories":[],"tags":[],"venue":{"id":683,"author":"9","status":"publish","date":"2017-02-17 19:35:17","date_utc":"2017-02-17 19:35:17","modified":"2017-02-17 19:35:17","modified_utc":"2017-02-17 19:35:17","url":"https:\/\/bullas.es\/turismo\/lugar\/bullas-2\/","venue":"Bullas","slug":"bullas-2","address":"Plaza de Espa\u00f1a","city":"Bullas","country":"Espa\u00f1a","province":"Murcia","zip":"30180","phone":"968657211","website":"www.bullasbodeganatural.es","stateprovince":"Murcia","json_ld":{"@type":"Place","name":"Bullas","description":"","url":"","address":{"@type":"PostalAddress","streetAddress":"Plaza de Espa\u00f1a","addressLocality":"Bullas","addressRegion":"Murcia","postalCode":"30180","addressCountry":"Espa\u00f1a"},"telephone":"968657211","sameAs":"www.bullasbodeganatural.es"},"show_map":true,"show_map_link":true,"global_id":"bullas.es\/turismo?id=683","global_id_lineage":["bullas.es\/turismo?id=683"]},"organizer":[{"id":854,"author":"9","status":"publish","date":"2017-04-18 07:47:49","date_utc":"2017-04-18 07:47:49","modified":"2017-04-18 07:47:49","modified_utc":"2017-04-18 07:47:49","url":"https:\/\/bullas.es\/turismo\/organizador\/ayuntamiento-de-bullas\/","organizer":"Ayuntamiento de Bullas","slug":"ayuntamiento-de-bullas","website":"www.bullas.es","json_ld":{"@type":"Person","name":"Ayuntamiento de Bullas","description":"","url":"","telephone":"","email":"","sameAs":"http:\/\/www.bullas.es"},"global_id":"bullas.es\/turismo?id=854","global_id_lineage":["bullas.es\/turismo?id=854"]}],"json_ld":{"@context":"http:\/\/schema.org","@type":"Event","name":"Programaci\u00f3n Fiestas del Vino 2023","description":"&lt;p&gt;DESCARGAR FOLLETO FIESTAS DEL VINO 2023 Viernes 15 de septiembre Museo del Vino Exposici\u00f3n:\u00a0Las donaciones art\u00edsticas del MuseoCelebrando el vig\u00e9simo aniversario del Museo del Vino de Bullas Del 15 de septiembre al 30 de noviembre Museo del Vino.\u00a0 20.00 horas Investidura MAESTRA DEL VINO DE BULLAS 2023\u00a0 en la persona de ENCARNA TALAVERA periodista, Jefa de Programas de La7 RM ... &lt;\/p&gt;\\n&lt;div&gt;&lt;a href=&quot;https:\/\/bullas.es\/turismo\/evento\/programacion-fiestas-del-vino-2023\/&quot; class=&quot;more-link&quot;&gt;Read More&lt;\/a&gt;&lt;\/div&gt;\\n","image":"https:\/\/bullas.es\/turismo\/wp-content\/uploads\/sites\/2\/2023\/09\/cartel-fiestas-del-vino-2023.jpg","url":"https:\/\/bullas.es\/turismo\/evento\/programacion-fiestas-del-vino-2023\/","startDate":"2023-09-15T00:00:00+00:00","endDate":"2023-10-01T23:59:59+00:00","location":{"@type":"Place","name":"Bullas","description":"","url":"","address":{"@type":"PostalAddress","streetAddress":"Plaza de Espa\u00f1a","addressLocality":"Bullas","addressRegion":"Murcia","postalCode":"30180","addressCountry":"Espa\u00f1a"},"telephone":"968657211","sameAs":"www.bullasbodeganatural.es"},"organizer":{"@type":"Person","name":"Ayuntamiento de Bullas","description":"","url":"","telephone":"","email":"","sameAs":"http:\/\/www.bullas.es"},"performer":"Organization"}}